{"id":1452,"date":"2019-08-29T09:14:52","date_gmt":"2019-08-29T07:14:52","guid":{"rendered":"http:\/\/college-albertmicheneau-villefagnan.fr\/?p=1452"},"modified":"2019-09-02T18:58:56","modified_gmt":"2019-09-02T16:58:56","slug":"rentree-2019","status":"publish","type":"post","link":"http:\/\/college-albertmicheneau-villefagnan.fr\/index.php\/2019\/08\/29\/rentree-2019\/","title":{"rendered":"RENTR\u00c9E 2019"},"content":{"rendered":"<div class=\"crayon article-article_intro2-470 chapo\">\n<p><strong>Rentr\u00e9e 2019\u00a0:<\/strong><\/p>\n<\/div>\n<div class=\"crayon article-texte-470 entry-content\">\n<p><strong>La rentr\u00e9e des \u00e9l\u00e8ves des classes de 6\u00e8me, 5\u00e8me, 4\u00e8me et 3\u00e8me\u00a0aura lieu le lundi 02 septembre \u00e0 8h20.<\/strong><br class=\"autobr\" \/><strong>Bonne rentr\u00e9e \u00e0 tous\u00a0!\u00a0<\/strong><\/p>\n<\/div>\n","protected":false},"excerpt":{"rendered":"<p>Rentr\u00e9e 2019\u00a0: La rentr\u00e9e des \u00e9l\u00e8ves des classes de 6\u00e8me, 5\u00e8me, 4\u00e8me et 3\u00e8me\u00a0aura lieu le lundi 02 septembre \u00e0 8h20.Bonne rentr\u00e9e \u00e0 tous\u00a0!\u00a0<\/p>\n","protected":false},"author":1,"featured_media":74,"comment_status":"open","ping_status":"open","sticky":false,"template":"","format":"standard","meta":{"footnotes":""},"categories":[22],"tags":[],"class_list":{"0":"post-1452","1":"post","2":"type-post","3":"status-publish","4":"format-standard","5":"has-post-thumbnail","7":"category-administration"},"_links":{"self":[{"href":"http:\/\/college-albertmicheneau-villefagnan.fr\/index.php\/wp-json\/wp\/v2\/posts\/1452","targetHints":{"allow":["GET"]}}],"collection":[{"href":"http:\/\/college-albertmicheneau-villefagnan.fr\/index.php\/wp-json\/wp\/v2\/posts"}],"about":[{"href":"http:\/\/college-albertmicheneau-villefagnan.fr\/index.php\/wp-json\/wp\/v2\/types\/post"}],"author":[{"embeddable":true,"href":"http:\/\/college-albertmicheneau-villefagnan.fr\/index.php\/wp-json\/wp\/v2\/users\/1"}],"replies":[{"embeddable":true,"href":"http:\/\/college-albertmicheneau-villefagnan.fr\/index.php\/wp-json\/wp\/v2\/comments?post=1452"}],"version-history":[{"count":0,"href":"http:\/\/college-albertmicheneau-villefagnan.fr\/index.php\/wp-json\/wp\/v2\/posts\/1452\/revisions"}],"wp:featuredmedia":[{"embeddable":true,"href":"http:\/\/college-albertmicheneau-villefagnan.fr\/index.php\/wp-json\/wp\/v2\/media\/74"}],"wp:attachment":[{"href":"http:\/\/college-albertmicheneau-villefagnan.fr\/index.php\/wp-json\/wp\/v2\/media?parent=1452"}],"wp:term":[{"taxonomy":"category","embeddable":true,"href":"http:\/\/college-albertmicheneau-villefagnan.fr\/index.php\/wp-json\/wp\/v2\/categories?post=1452"},{"taxonomy":"post_tag","embeddable":true,"href":"http:\/\/college-albertmicheneau-villefagnan.fr\/index.php\/wp-json\/wp\/v2\/tags?post=1452"}],"curies":[{"name":"wp","href":"https:\/\/api.w.org\/{rel}","templated":true}]}}