{"id":1497,"date":"2019-09-05T10:23:10","date_gmt":"2019-09-05T08:23:10","guid":{"rendered":"http:\/\/college-albertmicheneau-villefagnan.fr\/?p=1497"},"modified":"2019-09-05T10:23:10","modified_gmt":"2019-09-05T08:23:10","slug":"reunion-parents-rentree-2019","status":"publish","type":"post","link":"http:\/\/college-albertmicheneau-villefagnan.fr\/index.php\/2019\/09\/05\/reunion-parents-rentree-2019\/","title":{"rendered":"R\u00e9union parents rentr\u00e9e 2019"},"content":{"rendered":"<p><img loading=\"lazy\" decoding=\"async\" class=\" wp-image-1498 aligncenter\" src=\"http:\/\/college-albertmicheneau-villefagnan.fr\/wp-content\/uploads\/2019\/09\/r\u00e9union-parents.jpg\" alt=\"\" width=\"402\" height=\"261\" \/><\/p>\n<h3><\/h3>\n<h4 style=\"text-align: center\"><strong>La r\u00e9union des parents d&rsquo;\u00e9l\u00e8ves en pr\u00e9sence des chefs d&rsquo;\u00e9tablissement de 6\u00e8me aura lieu:<\/strong><\/h4>\n<h3 style=\"text-align: center\">le Lundi 9 septembre 2019 \u00e0 18h au r\u00e9fectoire.<\/h3>\n<h4 style=\"text-align: center\"><strong>La r\u00e9union des parents d&rsquo;\u00e9l\u00e8ves des chefs d&rsquo;\u00e9tablissement de 5\u00e8, 4\u00e8, 3\u00e8me aura lieu le:<\/strong><\/h4>\n<h3 style=\"text-align: center\">Mardi 10 septembre 2019 \u00e0 18 h au r\u00e9fectoire.<\/h3>\n","protected":false},"excerpt":{"rendered":"<p>La r\u00e9union des parents d&rsquo;\u00e9l\u00e8ves en pr\u00e9sence des chefs d&rsquo;\u00e9tablissement de 6\u00e8me aura lieu: le Lundi 9 septembre 2019 \u00e0 18h au r\u00e9fectoire. La r\u00e9union des parents d&rsquo;\u00e9l\u00e8ves des chefs&#8230;<\/p>\n","protected":false},"author":1,"featured_media":0,"comment_status":"open","ping_status":"open","sticky":false,"template":"","format":"standard","meta":{"footnotes":""},"categories":[22],"tags":[28,27,24,26],"class_list":{"0":"post-1497","1":"post","2":"type-post","3":"status-publish","4":"format-standard","6":"category-administration","7":"tag-5-4-3","8":"tag-27","9":"tag-rentree","10":"tag-reunion"},"_links":{"self":[{"href":"http:\/\/college-albertmicheneau-villefagnan.fr\/index.php\/wp-json\/wp\/v2\/posts\/1497","targetHints":{"allow":["GET"]}}],"collection":[{"href":"http:\/\/college-albertmicheneau-villefagnan.fr\/index.php\/wp-json\/wp\/v2\/posts"}],"about":[{"href":"http:\/\/college-albertmicheneau-villefagnan.fr\/index.php\/wp-json\/wp\/v2\/types\/post"}],"author":[{"embeddable":true,"href":"http:\/\/college-albertmicheneau-villefagnan.fr\/index.php\/wp-json\/wp\/v2\/users\/1"}],"replies":[{"embeddable":true,"href":"http:\/\/college-albertmicheneau-villefagnan.fr\/index.php\/wp-json\/wp\/v2\/comments?post=1497"}],"version-history":[{"count":0,"href":"http:\/\/college-albertmicheneau-villefagnan.fr\/index.php\/wp-json\/wp\/v2\/posts\/1497\/revisions"}],"wp:attachment":[{"href":"http:\/\/college-albertmicheneau-villefagnan.fr\/index.php\/wp-json\/wp\/v2\/media?parent=1497"}],"wp:term":[{"taxonomy":"category","embeddable":true,"href":"http:\/\/college-albertmicheneau-villefagnan.fr\/index.php\/wp-json\/wp\/v2\/categories?post=1497"},{"taxonomy":"post_tag","embeddable":true,"href":"http:\/\/college-albertmicheneau-villefagnan.fr\/index.php\/wp-json\/wp\/v2\/tags?post=1497"}],"curies":[{"name":"wp","href":"https:\/\/api.w.org\/{rel}","templated":true}]}}