{"id":4125,"date":"2023-11-21T15:28:42","date_gmt":"2023-11-21T14:28:42","guid":{"rendered":"https:\/\/college-albertmicheneau-villefagnan.fr\/?p=4125"},"modified":"2023-11-21T15:28:42","modified_gmt":"2023-11-21T14:28:42","slug":"remise-des-diplomes","status":"publish","type":"post","link":"http:\/\/college-albertmicheneau-villefagnan.fr\/index.php\/2023\/11\/21\/remise-des-diplomes\/","title":{"rendered":"Remise des dipl\u00f4mes"},"content":{"rendered":"<h3 style=\"text-align: center;\">Les laur\u00e9ats du DNB, du GFC et du DELF 2023 sont invit\u00e9s \u00e0 une c\u00e9r\u00e9monie qui se veut conviviale le<\/h3>\n<p>&nbsp;<\/p>\n<h1 style=\"text-align: center;\"><strong>vendredi 8 d\u00e9cembre<\/strong><\/h1>\n<p>&nbsp;<\/p>\n<p><img decoding=\"async\" class=\"aligncenter\" src=\"http:\/\/college-albertmicheneau-villefagnan.fr\/wp-content\/uploads\/2023\/11\/concert-2527495_640.jpg\" \/><\/p>\n<p>&nbsp;<\/p>\n<p>&nbsp;<\/p>\n<p>&nbsp;<\/p>\n","protected":false},"excerpt":{"rendered":"<p>Les laur\u00e9ats du DNB, du GFC et du DELF 2023 sont invit\u00e9s \u00e0 une c\u00e9r\u00e9monie qui se veut conviviale le &nbsp; vendredi 8 d\u00e9cembre &nbsp; &nbsp; &nbsp; &nbsp;<\/p>\n","protected":false},"author":28,"featured_media":4132,"comment_status":"closed","ping_status":"closed","sticky":false,"template":"","format":"standard","meta":{"footnotes":""},"categories":[22],"tags":[],"class_list":{"0":"post-4125","1":"post","2":"type-post","3":"status-publish","4":"format-standard","5":"has-post-thumbnail","7":"category-administration"},"_links":{"self":[{"href":"http:\/\/college-albertmicheneau-villefagnan.fr\/index.php\/wp-json\/wp\/v2\/posts\/4125","targetHints":{"allow":["GET"]}}],"collection":[{"href":"http:\/\/college-albertmicheneau-villefagnan.fr\/index.php\/wp-json\/wp\/v2\/posts"}],"about":[{"href":"http:\/\/college-albertmicheneau-villefagnan.fr\/index.php\/wp-json\/wp\/v2\/types\/post"}],"author":[{"embeddable":true,"href":"http:\/\/college-albertmicheneau-villefagnan.fr\/index.php\/wp-json\/wp\/v2\/users\/28"}],"replies":[{"embeddable":true,"href":"http:\/\/college-albertmicheneau-villefagnan.fr\/index.php\/wp-json\/wp\/v2\/comments?post=4125"}],"version-history":[{"count":0,"href":"http:\/\/college-albertmicheneau-villefagnan.fr\/index.php\/wp-json\/wp\/v2\/posts\/4125\/revisions"}],"wp:featuredmedia":[{"embeddable":true,"href":"http:\/\/college-albertmicheneau-villefagnan.fr\/index.php\/wp-json\/wp\/v2\/media\/4132"}],"wp:attachment":[{"href":"http:\/\/college-albertmicheneau-villefagnan.fr\/index.php\/wp-json\/wp\/v2\/media?parent=4125"}],"wp:term":[{"taxonomy":"category","embeddable":true,"href":"http:\/\/college-albertmicheneau-villefagnan.fr\/index.php\/wp-json\/wp\/v2\/categories?post=4125"},{"taxonomy":"post_tag","embeddable":true,"href":"http:\/\/college-albertmicheneau-villefagnan.fr\/index.php\/wp-json\/wp\/v2\/tags?post=4125"}],"curies":[{"name":"wp","href":"https:\/\/api.w.org\/{rel}","templated":true}]}}