{"id":3699,"date":"2022-06-27T14:02:54","date_gmt":"2022-06-27T12:02:54","guid":{"rendered":"http:\/\/college-albertmicheneau-villefagnan.fr\/?p=3699"},"modified":"2022-06-27T14:52:45","modified_gmt":"2022-06-27T12:52:45","slug":"lart-sinscrit-sur-les-murs-du-college","status":"publish","type":"post","link":"https:\/\/college-albertmicheneau-villefagnan.fr\/index.php\/2022\/06\/27\/lart-sinscrit-sur-les-murs-du-college\/","title":{"rendered":"L&rsquo;art s&rsquo;inscrit sur les murs du coll\u00e8ge"},"content":{"rendered":"[vc_row type=\u00a0\u00bbin_container\u00a0\u00bb full_screen_row_position=\u00a0\u00bbmiddle\u00a0\u00bb scene_position=\u00a0\u00bbcenter\u00a0\u00bb text_color=\u00a0\u00bbdark\u00a0\u00bb text_align=\u00a0\u00bbleft\u00a0\u00bb overlay_strength=\u00a0\u00bb0.3&Prime; shape_divider_position=\u00a0\u00bbbottom\u00a0\u00bb][vc_column column_padding=\u00a0\u00bbno-extra-padding\u00a0\u00bb column_padding_position=\u00a0\u00bball\u00a0\u00bb background_color_opacity=\u00a0\u00bb1&Prime; background_hover_color_opacity=\u00a0\u00bb1&Prime; column_link_target=\u00a0\u00bb_self\u00a0\u00bb column_shadow=\u00a0\u00bbnone\u00a0\u00bb column_border_radius=\u00a0\u00bbnone\u00a0\u00bb width=\u00a0\u00bb1\/1&Prime; tablet_width_inherit=\u00a0\u00bbdefault\u00a0\u00bb tablet_text_alignment=\u00a0\u00bbdefault\u00a0\u00bb phone_text_alignment=\u00a0\u00bbdefault\u00a0\u00bb column_border_width=\u00a0\u00bbnone\u00a0\u00bb column_border_style=\u00a0\u00bbsolid\u00a0\u00bb][vc_column_text]Tout au fil de cette ann\u00e9e, deux groupes d\u2019\u00e9l\u00e8ves volontaires de 4<sup>\u00e8me<\/sup> ont pu s\u2019impliquer dans le projet Art Urbain. S\u2019inscrivant pleinement dans le parcours artistique et culturel, ils ont d\u00e9couvert la valeur et la place de l\u2019Art Urbain dans notre environnement.<\/p>\n<p>La rencontre avec l\u2019artiste Thomas Guibert ou \u00ab\u00a0Murmure visuel\u00a0\u00bb, travaillant sur Poitiers et Ch\u00e2tellerault, provoquera un vrai engouement annonciateur d\u2019un authentique investissement. Suivra un apprentissage d\u2019une technique tr\u00e8s sp\u00e9cifique ch\u00e8re \u00e0 l\u2019artiste\u00a0: le pochoir.<\/p>\n<p>Et puis enfin les fresques\u00a0! R\u00e9elles collaborations entre l\u2019artiste et les \u00e9l\u00e8ves, tant dans les cr\u00e9ations visuelles que l\u2019ex\u00e9cution. La fiction se m\u00ealant \u00e0 la mise en valeur du patrimoine architectural et social de la commune\u00a0: quel d\u00e9fi\u00a0!<\/p>\n<p>Tous nos remerciements \u00e0 Thomas Guibert, \u00e0 nos \u00e9l\u00e8ves, \u00e0 notre journaliste Pascal Baudoin pour son apport culturel si pr\u00e9cieux, au Conseil d\u00e9partemental de la Charente qui a permis la r\u00e9alisation du projet et \u00e0 Mr Valy pour son soutien sans faille.<\/p>\n<p>Un beau moment de partage entre tous\u00a0et pour tous\u00a0![\/vc_column_text][\/vc_column][\/vc_row][vc_row type=\u00a0\u00bbin_container\u00a0\u00bb full_screen_row_position=\u00a0\u00bbmiddle\u00a0\u00bb scene_position=\u00a0\u00bbcenter\u00a0\u00bb text_color=\u00a0\u00bbdark\u00a0\u00bb text_align=\u00a0\u00bbleft\u00a0\u00bb overlay_strength=\u00a0\u00bb0.3&Prime; shape_divider_position=\u00a0\u00bbbottom\u00a0\u00bb][vc_column column_padding=\u00a0\u00bbno-extra-padding\u00a0\u00bb column_padding_position=\u00a0\u00bball\u00a0\u00bb background_color_opacity=\u00a0\u00bb1&Prime; background_hover_color_opacity=\u00a0\u00bb1&Prime; column_link_target=\u00a0\u00bb_self\u00a0\u00bb column_shadow=\u00a0\u00bbnone\u00a0\u00bb column_border_radius=\u00a0\u00bbnone\u00a0\u00bb width=\u00a0\u00bb1\/1&Prime; tablet_width_inherit=\u00a0\u00bbdefault\u00a0\u00bb tablet_text_alignment=\u00a0\u00bbdefault\u00a0\u00bb phone_text_alignment=\u00a0\u00bbdefault\u00a0\u00bb column_border_width=\u00a0\u00bbnone\u00a0\u00bb column_border_style=\u00a0\u00bbsolid\u00a0\u00bb][vc_gallery type=\u00a0\u00bbimage_grid\u00a0\u00bb images=\u00a0\u00bb3700,3701,3702,3703,3704&Prime; layout=\u00a0\u00bb3&Prime; gallery_style=\u00a0\u00bb1&Prime; load_in_animation=\u00a0\u00bbnone\u00a0\u00bb][\/vc_column][\/vc_row]\n","protected":false},"excerpt":{"rendered":"<p>[vc_row type=\u00a0\u00bbin_container\u00a0\u00bb full_screen_row_position=\u00a0\u00bbmiddle\u00a0\u00bb scene_position=\u00a0\u00bbcenter\u00a0\u00bb text_color=\u00a0\u00bbdark\u00a0\u00bb text_align=\u00a0\u00bbleft\u00a0\u00bb overlay_strength=\u00a0\u00bb0.3&Prime; shape_divider_position=\u00a0\u00bbbottom\u00a0\u00bb][vc_column column_padding=\u00a0\u00bbno-extra-padding\u00a0\u00bb column_padding_position=\u00a0\u00bball\u00a0\u00bb background_color_opacity=\u00a0\u00bb1&Prime; background_hover_color_opacity=\u00a0\u00bb1&Prime; column_link_target=\u00a0\u00bb_self\u00a0\u00bb column_shadow=\u00a0\u00bbnone\u00a0\u00bb column_border_radius=\u00a0\u00bbnone\u00a0\u00bb width=\u00a0\u00bb1\/1&Prime; tablet_width_inherit=\u00a0\u00bbdefault\u00a0\u00bb tablet_text_alignment=\u00a0\u00bbdefault\u00a0\u00bb phone_text_alignment=\u00a0\u00bbdefault\u00a0\u00bb column_border_width=\u00a0\u00bbnone\u00a0\u00bb column_border_style=\u00a0\u00bbsolid\u00a0\u00bb][vc_column_text]Tout au fil de cette ann\u00e9e, deux groupes d\u2019\u00e9l\u00e8ves volontaires&#8230;<\/p>\n","protected":false},"author":34,"featured_media":3704,"comment_status":"closed","ping_status":"closed","sticky":false,"template":"","format":"standard","meta":{"footnotes":""},"categories":[16],"tags":[],"class_list":{"0":"post-3699","1":"post","2":"type-post","3":"status-publish","4":"format-standard","5":"has-post-thumbnail","7":"category-arts-plastiques"},"_links":{"self":[{"href":"https:\/\/college-albertmicheneau-villefagnan.fr\/index.php\/wp-json\/wp\/v2\/posts\/3699","targetHints":{"allow":["GET"]}}],"collection":[{"href":"https:\/\/college-albertmicheneau-villefagnan.fr\/index.php\/wp-json\/wp\/v2\/posts"}],"about":[{"href":"https:\/\/college-albertmicheneau-villefagnan.fr\/index.php\/wp-json\/wp\/v2\/types\/post"}],"author":[{"embeddable":true,"href":"https:\/\/college-albertmicheneau-villefagnan.fr\/index.php\/wp-json\/wp\/v2\/users\/34"}],"replies":[{"embeddable":true,"href":"https:\/\/college-albertmicheneau-villefagnan.fr\/index.php\/wp-json\/wp\/v2\/comments?post=3699"}],"version-history":[{"count":0,"href":"https:\/\/college-albertmicheneau-villefagnan.fr\/index.php\/wp-json\/wp\/v2\/posts\/3699\/revisions"}],"wp:featuredmedia":[{"embeddable":true,"href":"https:\/\/college-albertmicheneau-villefagnan.fr\/index.php\/wp-json\/wp\/v2\/media\/3704"}],"wp:attachment":[{"href":"https:\/\/college-albertmicheneau-villefagnan.fr\/index.php\/wp-json\/wp\/v2\/media?parent=3699"}],"wp:term":[{"taxonomy":"category","embeddable":true,"href":"https:\/\/college-albertmicheneau-villefagnan.fr\/index.php\/wp-json\/wp\/v2\/categories?post=3699"},{"taxonomy":"post_tag","embeddable":true,"href":"https:\/\/college-albertmicheneau-villefagnan.fr\/index.php\/wp-json\/wp\/v2\/tags?post=3699"}],"curies":[{"name":"wp","href":"https:\/\/api.w.org\/{rel}","templated":true}]}}