{"id":4251,"date":"2024-06-04T22:25:56","date_gmt":"2024-06-04T20:25:56","guid":{"rendered":"http:\/\/college-albertmicheneau-villefagnan.fr\/?p=4251"},"modified":"2024-06-04T22:25:56","modified_gmt":"2024-06-04T20:25:56","slug":"sortie-pedagogique-des-6eme-sur-le-site-gallo-romain-des-bouchauds","status":"publish","type":"post","link":"https:\/\/college-albertmicheneau-villefagnan.fr\/index.php\/2024\/06\/04\/sortie-pedagogique-des-6eme-sur-le-site-gallo-romain-des-bouchauds\/","title":{"rendered":"Sortie p\u00e9dagogique des 6\u00e8me sur le site gallo-romain des Bouchauds"},"content":{"rendered":"<p>Le mardi 04 juin 2024 les \u00e9l\u00e8ves des deux classes de 6<sup>\u00e8me<\/sup> se sont rendus \u00e0 Saint Cybardeaux, pr\u00e8s de Rouillac, sur le site arch\u00e9ologique des Bouchauds afin de d\u00e9couvrir le patrimoine local en lien avec le programme d\u2019histoire sur l\u2019Antiquit\u00e9 et le monde romain.<\/p>\n<p>Au cours de la visite les \u00e9l\u00e8ves ont pu d\u00e9couvrir l\u2019espace d\u2019interpr\u00e9tation et notamment la question des communications en Gaule romaine puis le site arch\u00e9ologique compos\u00e9 de vestiges de temples et du th\u00e9\u00e2tre gallo-romain. Deux ateliers leur ont permis de comprendre ce qu\u2019\u00e9tait un l\u00e9gionnaire romain et de s\u2019initier aux man\u0153uvres militaires effectu\u00e9es par les l\u00e9gionnaires puis de d\u00e9couvrir le travail des arch\u00e9ologues \u00e0 travers la reconstitution d\u2019un chantier de fouilles.<\/p>\n<p>Accompagn\u00e9s de leur professeur d\u2019histoire-g\u00e9ographie M.Verdot, de leur professeur de math\u00e9matiques Mme Vauboin et de leur professeur de fran\u00e7ais M. Tarrasson, les \u00e9l\u00e8ves ont pu avoir un aper\u00e7u de la vie des femmes et des hommes en Charente \u00e0 l\u2019\u00e9poque gallo-romaine, \u00e0 l\u2019occasion de cette visite assur\u00e9e par deux intervenantes agr\u00e9ables et marqu\u00e9e par l\u2019arriv\u00e9e du soleil.<\/p>\n<p>Cette visite s\u2019inscrit dans le cadre de l\u2019op\u00e9ration Coll\u00e8ge et patrimoine financ\u00e9e par le Conseil d\u00e9partemental de la Charente et participe au Parcours artistique et culturel des \u00e9l\u00e8ves.<\/p>\n<p>&nbsp;<\/p>\n<p><img loading=\"lazy\" decoding=\"async\" class=\"alignnone size-medium wp-image-4252\" src=\"http:\/\/college-albertmicheneau-villefagnan.fr\/wp-content\/uploads\/2024\/06\/IMG_20240604_101652547-300x225.jpg\" alt=\"\" width=\"300\" height=\"225\" \/> \u00a0\u00a0 \u00a0 <img loading=\"lazy\" decoding=\"async\" class=\"alignnone size-medium wp-image-4253\" src=\"http:\/\/college-albertmicheneau-villefagnan.fr\/wp-content\/uploads\/2024\/06\/IMG_20240604_102143700-300x225.jpg\" alt=\"\" width=\"300\" height=\"225\" \/><\/p>\n<p><img loading=\"lazy\" decoding=\"async\" class=\"alignnone size-medium wp-image-4254\" src=\"http:\/\/college-albertmicheneau-villefagnan.fr\/wp-content\/uploads\/2024\/06\/IMG_20240604_094932720-300x225.jpg\" alt=\"\" width=\"300\" height=\"225\" \/>\u00a0 \u00a0 \u00a0 <img loading=\"lazy\" decoding=\"async\" class=\"alignnone size-medium wp-image-4255\" src=\"http:\/\/college-albertmicheneau-villefagnan.fr\/wp-content\/uploads\/2024\/06\/IMG_20240604_151303700-225x300.jpg\" alt=\"\" width=\"225\" height=\"300\" \/><\/p>\n<p><img loading=\"lazy\" decoding=\"async\" class=\"alignnone size-medium wp-image-4256\" src=\"http:\/\/college-albertmicheneau-villefagnan.fr\/wp-content\/uploads\/2024\/06\/IMG_20240604_125956938-300x225.jpg\" alt=\"\" width=\"300\" height=\"225\" \/> \u00a0 \u00a0\u00a0 <img loading=\"lazy\" decoding=\"async\" class=\"alignnone size-medium wp-image-4257\" src=\"http:\/\/college-albertmicheneau-villefagnan.fr\/wp-content\/uploads\/2024\/06\/IMG_20240604_131551159-300x225.jpg\" alt=\"\" width=\"300\" height=\"225\" \/><\/p>\n<p><img loading=\"lazy\" decoding=\"async\" class=\"alignnone size-medium wp-image-4258\" src=\"http:\/\/college-albertmicheneau-villefagnan.fr\/wp-content\/uploads\/2024\/06\/IMG_20240604_110018277-300x225.jpg\" alt=\"\" width=\"300\" height=\"225\" \/> \u00a0\u00a0 \u00a0 <img loading=\"lazy\" decoding=\"async\" class=\"alignnone size-medium wp-image-4259\" src=\"http:\/\/college-albertmicheneau-villefagnan.fr\/wp-content\/uploads\/2024\/06\/IMG_20240604_111303220-300x225.jpg\" alt=\"\" width=\"300\" height=\"225\" \/><\/p>\n","protected":false},"excerpt":{"rendered":"<p>Le mardi 04 juin 2024 les \u00e9l\u00e8ves des deux classes de 6\u00e8me se sont rendus \u00e0 Saint Cybardeaux, pr\u00e8s de Rouillac, sur le site arch\u00e9ologique des Bouchauds afin de d\u00e9couvrir&#8230;<\/p>\n","protected":false},"author":22,"featured_media":4252,"comment_status":"closed","ping_status":"closed","sticky":false,"template":"","format":"standard","meta":{"footnotes":""},"categories":[15],"tags":[],"class_list":{"0":"post-4251","1":"post","2":"type-post","3":"status-publish","4":"format-standard","5":"has-post-thumbnail","7":"category-histoire-geographie"},"_links":{"self":[{"href":"https:\/\/college-albertmicheneau-villefagnan.fr\/index.php\/wp-json\/wp\/v2\/posts\/4251","targetHints":{"allow":["GET"]}}],"collection":[{"href":"https:\/\/college-albertmicheneau-villefagnan.fr\/index.php\/wp-json\/wp\/v2\/posts"}],"about":[{"href":"https:\/\/college-albertmicheneau-villefagnan.fr\/index.php\/wp-json\/wp\/v2\/types\/post"}],"author":[{"embeddable":true,"href":"https:\/\/college-albertmicheneau-villefagnan.fr\/index.php\/wp-json\/wp\/v2\/users\/22"}],"replies":[{"embeddable":true,"href":"https:\/\/college-albertmicheneau-villefagnan.fr\/index.php\/wp-json\/wp\/v2\/comments?post=4251"}],"version-history":[{"count":0,"href":"https:\/\/college-albertmicheneau-villefagnan.fr\/index.php\/wp-json\/wp\/v2\/posts\/4251\/revisions"}],"wp:featuredmedia":[{"embeddable":true,"href":"https:\/\/college-albertmicheneau-villefagnan.fr\/index.php\/wp-json\/wp\/v2\/media\/4252"}],"wp:attachment":[{"href":"https:\/\/college-albertmicheneau-villefagnan.fr\/index.php\/wp-json\/wp\/v2\/media?parent=4251"}],"wp:term":[{"taxonomy":"category","embeddable":true,"href":"https:\/\/college-albertmicheneau-villefagnan.fr\/index.php\/wp-json\/wp\/v2\/categories?post=4251"},{"taxonomy":"post_tag","embeddable":true,"href":"https:\/\/college-albertmicheneau-villefagnan.fr\/index.php\/wp-json\/wp\/v2\/tags?post=4251"}],"curies":[{"name":"wp","href":"https:\/\/api.w.org\/{rel}","templated":true}]}}