{"id":4494,"date":"2026-08-31T16:32:27","date_gmt":"2026-08-31T14:32:27","guid":{"rendered":"https:\/\/college-albertmicheneau-villefagnan.fr\/?p=4494"},"modified":"2026-08-31T16:32:27","modified_gmt":"2026-08-31T14:32:27","slug":"rentree-2026","status":"publish","type":"post","link":"https:\/\/college-albertmicheneau-villefagnan.fr\/index.php\/2026\/08\/31\/rentree-2026\/","title":{"rendered":"Rentr\u00e9e 2026"},"content":{"rendered":"<p>La rentr\u00e9e des \u00e9l\u00e8ves de 6\u00e8me aura lieu le mardi 1er septembre 2026 \u00e0 8h20.<\/p>\n<p>La rentr\u00e9e des \u00e9l\u00e8ves de 5\u00e8me, 4\u00e8me et 3\u00e8me\u00a0 aura lieu le mercredi 02 septembre 2026 \u00e0 8h20. Les \u00e9l\u00e8ves de 6\u00e8me arriveront \u00e0 9h30 ce jour l\u00e0<\/p>\n<p>Bonne rentr\u00e9e \u00e0 tous.<\/p>\n","protected":false},"excerpt":{"rendered":"<p>La rentr\u00e9e des \u00e9l\u00e8ves de 6\u00e8me aura lieu le mardi 1er septembre 2026 \u00e0 8h20. La rentr\u00e9e des \u00e9l\u00e8ves de 5\u00e8me, 4\u00e8me et 3\u00e8me\u00a0 aura lieu le mercredi 02 septembre&#8230;<\/p>\n","protected":false},"author":37,"featured_media":4495,"comment_status":"closed","ping_status":"closed","sticky":false,"template":"","format":"standard","meta":{"footnotes":""},"categories":[22],"tags":[],"class_list":{"0":"post-4494","1":"post","2":"type-post","3":"status-publish","4":"format-standard","5":"has-post-thumbnail","7":"category-administration"},"_links":{"self":[{"href":"https:\/\/college-albertmicheneau-villefagnan.fr\/index.php\/wp-json\/wp\/v2\/posts\/4494","targetHints":{"allow":["GET"]}}],"collection":[{"href":"https:\/\/college-albertmicheneau-villefagnan.fr\/index.php\/wp-json\/wp\/v2\/posts"}],"about":[{"href":"https:\/\/college-albertmicheneau-villefagnan.fr\/index.php\/wp-json\/wp\/v2\/types\/post"}],"author":[{"embeddable":true,"href":"https:\/\/college-albertmicheneau-villefagnan.fr\/index.php\/wp-json\/wp\/v2\/users\/37"}],"replies":[{"embeddable":true,"href":"https:\/\/college-albertmicheneau-villefagnan.fr\/index.php\/wp-json\/wp\/v2\/comments?post=4494"}],"version-history":[{"count":1,"href":"https:\/\/college-albertmicheneau-villefagnan.fr\/index.php\/wp-json\/wp\/v2\/posts\/4494\/revisions"}],"predecessor-version":[{"id":4496,"href":"https:\/\/college-albertmicheneau-villefagnan.fr\/index.php\/wp-json\/wp\/v2\/posts\/4494\/revisions\/4496"}],"wp:featuredmedia":[{"embeddable":true,"href":"https:\/\/college-albertmicheneau-villefagnan.fr\/index.php\/wp-json\/wp\/v2\/media\/4495"}],"wp:attachment":[{"href":"https:\/\/college-albertmicheneau-villefagnan.fr\/index.php\/wp-json\/wp\/v2\/media?parent=4494"}],"wp:term":[{"taxonomy":"category","embeddable":true,"href":"https:\/\/college-albertmicheneau-villefagnan.fr\/index.php\/wp-json\/wp\/v2\/categories?post=4494"},{"taxonomy":"post_tag","embeddable":true,"href":"https:\/\/college-albertmicheneau-villefagnan.fr\/index.php\/wp-json\/wp\/v2\/tags?post=4494"}],"curies":[{"name":"wp","href":"https:\/\/api.w.org\/{rel}","templated":true}]}}